{"id":6985,"date":"2014-08-11T15:57:23","date_gmt":"2014-08-11T15:57:23","guid":{"rendered":"https:\/\/www.nicox.com\/changements-dans-la-composition-du-conseil-dadministration-de-nicox\/"},"modified":"2014-08-11T15:57:23","modified_gmt":"2014-08-11T15:57:23","slug":"changements-dans-la-composition-du-conseil-dadministration-de-nicox","status":"publish","type":"post","link":"https:\/\/www.nicox.com\/fr\/changements-dans-la-composition-du-conseil-dadministration-de-nicox\/","title":{"rendered":"Changements dans la composition du Conseil d\u2019administration de Nicox"},"content":{"rendered":"<div>Sophia Antipolis, France.<\/div>\n<div>\u00a0<\/div>\n<div><strong>Nicox S.A.<\/strong> (NYSE Euronext Paris : COX), soci\u00e9t\u00e9 internationale sp\u00e9cialis\u00e9e en ophtalmologie, annonce aujourd&rsquo;hui la cooptation d\u2019Adrienne Graves et de Luzi von Bidder au Conseil d\u2019administration de la Soci\u00e9t\u00e9. Le Dr Graves et M. von Bidder remplaceront Vaughn Kailian, administrateur de la Soci\u00e9t\u00e9 depuis 2001, et Vince Anido.<\/div>\n<div>\u00a0<\/div>\n<div>Vaughn Kailian a inform\u00e9 Nicox de sa d\u00e9cision de d\u00e9missionner du Conseil d\u2019administration \u00e0 compter du 11 ao\u00fbt 2014. Pour des raisons personnelles, il lui est difficile de poursuivre son engagement envers Nicox. Vince Anido, nomm\u00e9 au Conseil d\u2019administration en juin 2013, a d\u00e9cid\u00e9 d\u2019en d\u00e9missionner en raison de ses responsabilit\u00e9s accrues au sein d\u2019Aerie Pharmaceuticals, Inc. Cette d\u00e9cision a pris effet le 6 ao\u00fbt 2014 dernier.\u00a0<\/div>\n<div>\u00a0<\/div>\n<blockquote>\n<div><em>\u00ab Bien que nous comprenions totalement les raisons de leur d\u00e9cision, c\u2019est avec regret que nous annon\u00e7ons le d\u00e9part de Vaughn Kailian et de Vince Anido de notre Conseil d\u2019administration. Je voudrais les remercier tous les deux pour leur contribution, d\u2019un point de vue professionnel mais aussi personnel, \u00bb <\/em><strong>a d\u00e9clar\u00e9 Michele Garufi, Pr\u00e9sident Directeur G\u00e9n\u00e9ral de Nicox<\/strong>. <em>\u00ab Vaughn a \u00e9t\u00e9 administrateur de Nicox pendant 13 ans et il n\u2019a cess\u00e9 de nous apporter son soutien et ses conseils durant toute cette p\u00e9riode, notamment au cours des derni\u00e8res \u00e9volutions strat\u00e9giques de la Soci\u00e9t\u00e9. Vince, bien qu\u2019il n\u2019ait \u00e9t\u00e9 administrateur que pendant un an, a jou\u00e9 un r\u00f4le important au cours de cette p\u00e9riode qui fut intense en transformations pour Nicox. Leur contribution va nous manquer. \u00bb<\/em><\/div>\n<\/blockquote>\n<div>\u00a0<\/div>\n<div>Le Conseil d\u2019administration a d\u00e9cid\u00e9 de coopter Adrienne Graves, ancien Pr\u00e9sident Directeur G\u00e9n\u00e9ral de Santen Inc., la filiale am\u00e9ricaine de Santen, et Luzi von Bidder, ancien Pr\u00e9sident d\u2019Acino Holding AG et ancien Pr\u00e9sident Directeur G\u00e9n\u00e9ral de Novartis Ophthalmics AG. Ces cooptations prennent effet le 8 ao\u00fbt pour le Dr Graves et le 11 ao\u00fbt pour M. von Bidder et seront soumises \u00e0 la ratification des actionnaires de Nicox dans le cadre de l\u2019Assembl\u00e9e G\u00e9n\u00e9rale qui sera convoqu\u00e9e \u00e0 l\u2019automne pour voter sur le projet d\u2019acquisition d\u2019Aciex Therapeutics, Inc. (voir communiqu\u00e9 de presse Nicox du 2 juillet 2014).<\/div>\n<div>\u00a0<\/div>\n<div>Le Conseil d\u2019administration de Nicox pr\u00e9voit \u00e9galement de proposer \u00e0 cette Assembl\u00e9e G\u00e9n\u00e9rale la nomination en qualit\u00e9 d\u2019administrateur de Les Kaplan, Directeur G\u00e9n\u00e9ral d&rsquo;Aciex Therapeutics, Inc. et ancien Vice-pr\u00e9sident ex\u00e9cutif et Pr\u00e9sident de la Recherche et D\u00e9veloppement d&rsquo;Allergan, Inc., sous r\u00e9serve de l\u2019approbation pr\u00e9alable de l\u2019acquisition d\u2019Aciex Therapeutics, Inc. par les actionnaires de Nicox.<\/div>\n<div>\u00a0<\/div>\n<div><em>\u00ab Nous sommes heureux de proposer la nomination au Conseil d\u2019administration de trois dirigeants exp\u00e9riment\u00e9s, qui ont une connaissance approfondie du secteur de l\u2019ophtalmologie, \u00bb <\/em>a ajout\u00e9 <strong>M. Garufi<\/strong>. <em>\u00ab Adrienne \u00a0est un leader reconnu dans l\u2019industrie pharmaceutique, elle combine \u00e0 la fois de fortes comp\u00e9tences en recherche en ophtalmologie et une vaste exp\u00e9rience op\u00e9rationnelle aux Etats-Unis. Luzi apportera sa grande exp\u00e9rience du march\u00e9 europ\u00e9en pour soutenir notre croissance sur ce march\u00e9. Les a jou\u00e9 un r\u00f4le clef dans la construction du portefeuille innovant et prometteur de m\u00e9dicaments en d\u00e9veloppement d\u2019Aciex, apr\u00e8s avoir pass\u00e9 de nombreuses ann\u00e9es chez Allergan, Inc., notamment aux postes de Vice-pr\u00e9sident ex\u00e9cutif et de Pr\u00e9sident de la Recherche et D\u00e9veloppement. Ces trois nouveaux administrateurs apporteront une expertise inestimable \u00e0 la Soci\u00e9t\u00e9 en cette p\u00e9riode d\u00e9cisive de notre d\u00e9veloppement. \u00bb<\/em><\/div>\n<div>\u00a0<\/div>\n<div>Le Dr<strong> Adrienne L. Graves<\/strong> a occup\u00e9 le poste de Pr\u00e9sident Directeur G\u00e9n\u00e9ral de Santen Inc., la filiale am\u00e9ricaine du plus grand laboratoire pharmaceutique japonais sp\u00e9cialis\u00e9 en ophtalmologie, de 2002 \u00e0 2010. Avant de rejoindre Santen, le Dr Graves a pass\u00e9 neuf ans au service d&rsquo;Alcon Laboratories Inc., o\u00f9 elle a occup\u00e9 diverses fonctions, notamment le poste de Directeur International Ophtalmologie. Le Dr Graves est membre du Conseil d\u2019administration de plusieurs soci\u00e9t\u00e9s, dont Akorn, Inc., TearLab Corporation, Aerpio, Encore Vision et Envisia Therapeutics, et de plusieurs fondations, dont celles de l\u2019ASCRS<sup>1<\/sup> et de l\u2019AAO<sup>2<\/sup> (emeritus). Le Dr Graves a obtenu une licence en psychologie avec mention de l\u2019Universit\u00e9 Brown (Rhode Island, Etats-Unis), un doctorat en psychobiologie de l&rsquo;Universit\u00e9 du Michigan (Michigan, Etats-Unis) et elle a ensuite poursuivi un stage postdoctoral en neurosciences visuelles \u00e0 l&rsquo;universit\u00e9 de Paris (France).<\/div>\n<div>\u00a0<\/div>\n<div><strong>Luzi A. von Bidder<\/strong> \u00e9tait, jusqu&rsquo;\u00e0 r\u00e9cemment, Pr\u00e9sident d\u2019Acino Holding AG, une soci\u00e9t\u00e9 pharmaceutique Suisse cot\u00e9e en bourse sp\u00e9cialis\u00e9e dans les nouvelles m\u00e9thodes de vectorisation qui a \u00e9t\u00e9 rachet\u00e9e par Pharma Strategy Partners GmbH en d\u00e9cembre 2013. M. von Bidder est actuellement membre du Conseil d&rsquo;administration de plusieurs soci\u00e9t\u00e9s priv\u00e9es du secteur de la sant\u00e9 dont Ferring et Solvias. De 1992 \u00e0 2002, avant de rejoindre Acino, M. von Bidder a occup\u00e9 la fonction de Pr\u00e9sident Directeur G\u00e9n\u00e9ral de Novartis Ophthalmics AG, une filiale de la branche suisse de Novartis. Il a \u00e9galement \u00e9t\u00e9 membre du Comit\u00e9 ex\u00e9cutif de Novartis Pharma et a occup\u00e9 diff\u00e9rents postes chez Ciba-Geigy. M. von Bidder est titulaire d&rsquo;une licence en sciences \u00e9conomiques de l&rsquo;universit\u00e9 HSG de St. Gallen (Suisse).<\/div>\n<div>\u00a0<\/div>\n<div>Le Dr <strong>Les Kaplan <\/strong>est le Directeur G\u00e9n\u00e9ral d&rsquo;Aciex Therapeutics, Inc. Auparavant, il occupait le poste de Vice-pr\u00e9sident ex\u00e9cutif d&rsquo;Allergan, Inc. Le Dr Kaplan a rejoint Allergan en 1983 et, avant d&rsquo;\u00eatre nomm\u00e9 au poste de Vice-pr\u00e9sident ex\u00e9cutif, il a successivement occup\u00e9 les fonctions de Vice-pr\u00e9sident puis Pr\u00e9sident de la Recherche et D\u00e9veloppement, et de directeur \u00e0 l\u2019international de BOTOX de juin 1998 \u00e0 novembre 2003. Il a \u00e9t\u00e9 \u00e9lu au Conseil d&rsquo;administration d&rsquo;Allergan en1994. Le Dr Kaplan est actuellement Pr\u00e9sident du Conseil d&rsquo;administration d&rsquo;Aciex et membre du Conseil d&rsquo;administration d&rsquo;ACADIA Pharmaceuticals Inc. et de Neurotech. Il est \u00e9galement membre du Conseil d&rsquo;administration du Clinical Research Institute of the Foundation for Fighting Blindness (Institut de recherche clinique de la Fondation pour combattre la c\u00e9cit\u00e9). Le Dr Kaplan est titulaire d&rsquo;une ma\u00eetrise et d&rsquo;un doctorat en chimie organique de l&rsquo;Universit\u00e9 de Californie (Los Angeles, Etats-Unis).<\/div>\n<div>\u2026\u2026\u2026\u2026\u2026\u2026\u2026\u2026\u2026\u2026\u2026\u2026\u2026\u2026\u2026\u2026\u2026\u2026\u2026\u2026\u2026\u2026\u2026\u2026\u2026\u2026\u2026\u2026\u2026\u2026\u2026\u2026\u2026.<\/div>\n<div>\u00a0<\/div>\n<div>R\u00e9f\u00e9rences<\/div>\n<div>1.<span class=\"Apple-tab-span\">ASCRS : American Society of Cataract and Refractive Surgery\u00a0<\/span><\/div>\n<div>2.<span class=\"Apple-tab-span\">AAO : American Academy of Ophthalmology\u00a0<\/span><\/div>\n<div>\u2026\u2026\u2026\u2026\u2026\u2026\u2026\u2026\u2026\u2026\u2026\u2026\u2026\u2026\u2026\u2026\u2026\u2026\u2026\u2026\u2026\u2026\u2026\u2026\u2026\u2026\u2026\u2026\u2026\u2026\u2026\u2026\u2026..<\/div>\n<div>\u00a0<\/div>\n","protected":false},"excerpt":{"rendered":"<p>Sophia Antipolis, France. \u00a0 Nicox S.A. (NYSE Euronext Paris : COX), soci\u00e9t\u00e9 internationale sp\u00e9cialis\u00e9e en ophtalmologie, annonce aujourd&rsquo;hui la cooptation d\u2019Adrienne Graves et de Luzi von Bidder au Conseil d\u2019administration de la Soci\u00e9t\u00e9. Le Dr Graves et M. von Bidder remplaceront Vaughn Kailian, administrateur de la Soci\u00e9t\u00e9 depuis 2001, et Vince Anido. \u00a0 Vaughn Kailian [&hellip;]<\/p>\n","protected":false},"author":7,"featured_media":0,"comment_status":"closed","ping_status":"closed","sticky":false,"template":"","format":"standard","meta":{"_acf_changed":false,"footnotes":""},"categories":[32,16],"tags":[],"class_list":["post-6985","post","type-post","status-publish","format-standard","hentry","category-actualites","category-actualites-et-media"],"acf":[],"yoast_head":"<!-- This site is optimized with the Yoast SEO plugin v27.3 - https:\/\/yoast.com\/product\/yoast-seo-wordpress\/ -->\n<title>Changements dans la composition du Conseil d\u2019administration de Nicox - Nicox<\/title>\n<meta name=\"robots\" content=\"index, follow, max-snippet:-1, max-image-preview:large, max-video-preview:-1\" \/>\n<link rel=\"canonical\" href=\"https:\/\/www.nicox.com\/fr\/changements-dans-la-composition-du-conseil-dadministration-de-nicox\/\" \/>\n<meta property=\"og:locale\" content=\"fr_FR\" \/>\n<meta property=\"og:type\" content=\"article\" \/>\n<meta property=\"og:title\" content=\"Changements dans la composition du Conseil d\u2019administration de Nicox - Nicox\" \/>\n<meta property=\"og:description\" content=\"Sophia Antipolis, France. \u00a0 Nicox S.A. (NYSE Euronext Paris : COX), soci\u00e9t\u00e9 internationale sp\u00e9cialis\u00e9e en ophtalmologie, annonce aujourd&rsquo;hui la cooptation d\u2019Adrienne Graves et de Luzi von Bidder au Conseil d\u2019administration de la Soci\u00e9t\u00e9. Le Dr Graves et M. von Bidder remplaceront Vaughn Kailian, administrateur de la Soci\u00e9t\u00e9 depuis 2001, et Vince Anido. \u00a0 Vaughn Kailian [&hellip;]\" \/>\n<meta property=\"og:url\" content=\"https:\/\/www.nicox.com\/fr\/changements-dans-la-composition-du-conseil-dadministration-de-nicox\/\" \/>\n<meta property=\"og:site_name\" content=\"Nicox\" \/>\n<meta property=\"article:published_time\" content=\"2014-08-11T15:57:23+00:00\" \/>\n<meta name=\"twitter:card\" content=\"summary_large_image\" \/>\n<meta name=\"twitter:label1\" content=\"\u00c9crit par\" \/>\n\t<meta name=\"twitter:data1\" content=\"\" \/>\n\t<meta name=\"twitter:label2\" content=\"Dur\u00e9e de lecture estim\u00e9e\" \/>\n\t<meta name=\"twitter:data2\" content=\"5 minutes\" \/>\n<script type=\"application\/ld+json\" class=\"yoast-schema-graph\">{\"@context\":\"https:\\\/\\\/schema.org\",\"@graph\":[{\"@type\":\"Article\",\"@id\":\"https:\\\/\\\/www.nicox.com\\\/fr\\\/changements-dans-la-composition-du-conseil-dadministration-de-nicox\\\/#article\",\"isPartOf\":{\"@id\":\"https:\\\/\\\/www.nicox.com\\\/fr\\\/changements-dans-la-composition-du-conseil-dadministration-de-nicox\\\/\"},\"author\":{\"name\":\"\",\"@id\":\"\"},\"headline\":\"Changements dans la composition du Conseil d\u2019administration de Nicox\",\"datePublished\":\"2014-08-11T15:57:23+00:00\",\"mainEntityOfPage\":{\"@id\":\"https:\\\/\\\/www.nicox.com\\\/fr\\\/changements-dans-la-composition-du-conseil-dadministration-de-nicox\\\/\"},\"wordCount\":1088,\"publisher\":{\"@id\":\"https:\\\/\\\/www.nicox.com\\\/fr\\\/#organization\"},\"articleSection\":[\"Actualit\u00e9s\",\"Actualit\u00e9s et M\u00e9dia\"],\"inLanguage\":\"fr-FR\"},{\"@type\":\"WebPage\",\"@id\":\"https:\\\/\\\/www.nicox.com\\\/fr\\\/changements-dans-la-composition-du-conseil-dadministration-de-nicox\\\/\",\"url\":\"https:\\\/\\\/www.nicox.com\\\/fr\\\/changements-dans-la-composition-du-conseil-dadministration-de-nicox\\\/\",\"name\":\"Changements dans la composition du Conseil d\u2019administration de Nicox - Nicox\",\"isPartOf\":{\"@id\":\"https:\\\/\\\/www.nicox.com\\\/fr\\\/#website\"},\"datePublished\":\"2014-08-11T15:57:23+00:00\",\"inLanguage\":\"fr-FR\",\"potentialAction\":[{\"@type\":\"ReadAction\",\"target\":[\"https:\\\/\\\/www.nicox.com\\\/fr\\\/changements-dans-la-composition-du-conseil-dadministration-de-nicox\\\/\"]}]},{\"@type\":\"WebSite\",\"@id\":\"https:\\\/\\\/www.nicox.com\\\/fr\\\/#website\",\"url\":\"https:\\\/\\\/www.nicox.com\\\/fr\\\/\",\"name\":\"Nicox\",\"description\":\"Visible Science\",\"publisher\":{\"@id\":\"https:\\\/\\\/www.nicox.com\\\/fr\\\/#organization\"},\"potentialAction\":[{\"@type\":\"SearchAction\",\"target\":{\"@type\":\"EntryPoint\",\"urlTemplate\":\"https:\\\/\\\/www.nicox.com\\\/fr\\\/?s={search_term_string}\"},\"query-input\":{\"@type\":\"PropertyValueSpecification\",\"valueRequired\":true,\"valueName\":\"search_term_string\"}}],\"inLanguage\":\"fr-FR\"},{\"@type\":\"Organization\",\"@id\":\"https:\\\/\\\/www.nicox.com\\\/fr\\\/#organization\",\"name\":\"Nicox\",\"url\":\"https:\\\/\\\/www.nicox.com\\\/fr\\\/\",\"logo\":{\"@type\":\"ImageObject\",\"inLanguage\":\"fr-FR\",\"@id\":\"https:\\\/\\\/www.nicox.com\\\/fr\\\/#\\\/schema\\\/logo\\\/image\\\/\",\"url\":\"\",\"contentUrl\":\"\",\"caption\":\"Nicox\"},\"image\":{\"@id\":\"https:\\\/\\\/www.nicox.com\\\/fr\\\/#\\\/schema\\\/logo\\\/image\\\/\"}},{\"@type\":\"Person\",\"@id\":\"\"}]}<\/script>\n<!-- \/ Yoast SEO plugin. -->","yoast_head_json":{"title":"Changements dans la composition du Conseil d\u2019administration de Nicox - Nicox","robots":{"index":"index","follow":"follow","max-snippet":"max-snippet:-1","max-image-preview":"max-image-preview:large","max-video-preview":"max-video-preview:-1"},"canonical":"https:\/\/www.nicox.com\/fr\/changements-dans-la-composition-du-conseil-dadministration-de-nicox\/","og_locale":"fr_FR","og_type":"article","og_title":"Changements dans la composition du Conseil d\u2019administration de Nicox - Nicox","og_description":"Sophia Antipolis, France. \u00a0 Nicox S.A. (NYSE Euronext Paris : COX), soci\u00e9t\u00e9 internationale sp\u00e9cialis\u00e9e en ophtalmologie, annonce aujourd&rsquo;hui la cooptation d\u2019Adrienne Graves et de Luzi von Bidder au Conseil d\u2019administration de la Soci\u00e9t\u00e9. Le Dr Graves et M. von Bidder remplaceront Vaughn Kailian, administrateur de la Soci\u00e9t\u00e9 depuis 2001, et Vince Anido. \u00a0 Vaughn Kailian [&hellip;]","og_url":"https:\/\/www.nicox.com\/fr\/changements-dans-la-composition-du-conseil-dadministration-de-nicox\/","og_site_name":"Nicox","article_published_time":"2014-08-11T15:57:23+00:00","twitter_card":"summary_large_image","twitter_misc":{"\u00c9crit par":"","Dur\u00e9e de lecture estim\u00e9e":"5 minutes"},"schema":{"@context":"https:\/\/schema.org","@graph":[{"@type":"Article","@id":"https:\/\/www.nicox.com\/fr\/changements-dans-la-composition-du-conseil-dadministration-de-nicox\/#article","isPartOf":{"@id":"https:\/\/www.nicox.com\/fr\/changements-dans-la-composition-du-conseil-dadministration-de-nicox\/"},"author":{"name":"","@id":""},"headline":"Changements dans la composition du Conseil d\u2019administration de Nicox","datePublished":"2014-08-11T15:57:23+00:00","mainEntityOfPage":{"@id":"https:\/\/www.nicox.com\/fr\/changements-dans-la-composition-du-conseil-dadministration-de-nicox\/"},"wordCount":1088,"publisher":{"@id":"https:\/\/www.nicox.com\/fr\/#organization"},"articleSection":["Actualit\u00e9s","Actualit\u00e9s et M\u00e9dia"],"inLanguage":"fr-FR"},{"@type":"WebPage","@id":"https:\/\/www.nicox.com\/fr\/changements-dans-la-composition-du-conseil-dadministration-de-nicox\/","url":"https:\/\/www.nicox.com\/fr\/changements-dans-la-composition-du-conseil-dadministration-de-nicox\/","name":"Changements dans la composition du Conseil d\u2019administration de Nicox - Nicox","isPartOf":{"@id":"https:\/\/www.nicox.com\/fr\/#website"},"datePublished":"2014-08-11T15:57:23+00:00","inLanguage":"fr-FR","potentialAction":[{"@type":"ReadAction","target":["https:\/\/www.nicox.com\/fr\/changements-dans-la-composition-du-conseil-dadministration-de-nicox\/"]}]},{"@type":"WebSite","@id":"https:\/\/www.nicox.com\/fr\/#website","url":"https:\/\/www.nicox.com\/fr\/","name":"Nicox","description":"Visible Science","publisher":{"@id":"https:\/\/www.nicox.com\/fr\/#organization"},"potentialAction":[{"@type":"SearchAction","target":{"@type":"EntryPoint","urlTemplate":"https:\/\/www.nicox.com\/fr\/?s={search_term_string}"},"query-input":{"@type":"PropertyValueSpecification","valueRequired":true,"valueName":"search_term_string"}}],"inLanguage":"fr-FR"},{"@type":"Organization","@id":"https:\/\/www.nicox.com\/fr\/#organization","name":"Nicox","url":"https:\/\/www.nicox.com\/fr\/","logo":{"@type":"ImageObject","inLanguage":"fr-FR","@id":"https:\/\/www.nicox.com\/fr\/#\/schema\/logo\/image\/","url":"","contentUrl":"","caption":"Nicox"},"image":{"@id":"https:\/\/www.nicox.com\/fr\/#\/schema\/logo\/image\/"}},{"@type":"Person","@id":""}]}},"_links":{"self":[{"href":"https:\/\/www.nicox.com\/fr\/wp-json\/wp\/v2\/posts\/6985","targetHints":{"allow":["GET"]}}],"collection":[{"href":"https:\/\/www.nicox.com\/fr\/wp-json\/wp\/v2\/posts"}],"about":[{"href":"https:\/\/www.nicox.com\/fr\/wp-json\/wp\/v2\/types\/post"}],"author":[{"embeddable":true,"href":"https:\/\/www.nicox.com\/fr\/wp-json\/wp\/v2\/users\/7"}],"replies":[{"embeddable":true,"href":"https:\/\/www.nicox.com\/fr\/wp-json\/wp\/v2\/comments?post=6985"}],"version-history":[{"count":0,"href":"https:\/\/www.nicox.com\/fr\/wp-json\/wp\/v2\/posts\/6985\/revisions"}],"wp:attachment":[{"href":"https:\/\/www.nicox.com\/fr\/wp-json\/wp\/v2\/media?parent=6985"}],"wp:term":[{"taxonomy":"category","embeddable":true,"href":"https:\/\/www.nicox.com\/fr\/wp-json\/wp\/v2\/categories?post=6985"},{"taxonomy":"post_tag","embeddable":true,"href":"https:\/\/www.nicox.com\/fr\/wp-json\/wp\/v2\/tags?post=6985"}],"curies":[{"name":"wp","href":"https:\/\/api.w.org\/{rel}","templated":true}]}}